{"id":966,"date":"2026-08-31T23:27:01","date_gmt":"2026-08-31T21:27:01","guid":{"rendered":"https:\/\/erpnext-experts.com\/?p=966"},"modified":"2026-09-01T07:10:25","modified_gmt":"2026-09-01T05:10:25","slug":"reforme-de-la-facturation-electronique-2026-un-cap-strategique-pour-les-daf-et-dsi","status":"publish","type":"post","link":"https:\/\/erpnext-experts.com\/index.php\/2026\/08\/31\/reforme-de-la-facturation-electronique-2026-un-cap-strategique-pour-les-daf-et-dsi\/","title":{"rendered":"Facturation \u00e9lectronique 2026 : un d\u00e9fi de transformation radical pour les DAF et DSI"},"content":{"rendered":"<p><img decoding=\"async\" src=\"https:\/\/erpnext-experts.com\/wp-content\/uploads\/2026\/08\/01-hero-3.jpg\" alt=\"Facturation \u00e9lectronique 2026 : un d\u00e9fi de transformation radical pour les DAF et DSI\" style=\"display:block;width:100%;max-width:760px;height:auto;margin:0 auto 1.6em auto;border-radius:6px;\"\/><\/p>\n<p style=\"font-size:17px;line-height:1.65;margin:0 0 1.2em 0;\">L\u2019\u00e9ch\u00e9ance n\u2019est plus une rumeur de couloir mais un cap ferme. Fix\u00e9 \u00e0 septembre 2026, le d\u00e9marrage de la r\u00e9forme de la facturation \u00e9lectronique en France impose une transformation radicale des processus financiers. Pour les Directeurs Financiers (DAF) et les Directeurs des Syst\u00e8mes d&rsquo;Information (DSI), l&rsquo;enjeu d\u00e9passe la simple mise en conformit\u00e9 r\u00e9glementaire : il s&rsquo;agit de refondre l&rsquo;architecture de donn\u00e9es de l&rsquo;entreprise.<\/p>\n<h2 style=\"font-size:22px;font-weight:700;line-height:1.3;margin:1.8em 0 0.6em 0;\">Septembre 2026 : le \u00ab Big Bang \u00bb de la r\u00e9ception pour tous<\/h2>\n<p style=\"font-size:17px;line-height:1.65;margin:0 0 1.2em 0;\">Le calendrier d\u00e9finitif de la r\u00e9forme d\u00e9signe 2026 comme l&rsquo;ann\u00e9e pivot. Un point crucial distingue cette transition : si le d\u00e9ploiement de l&rsquo;obligation d&rsquo;\u00e9mission sera progressif selon la taille des entreprises, l&rsquo;obligation de r\u00e9ception, elle, est universelle. D\u00e8s septembre 2026, chaque entreprise fran\u00e7aise, quelle que soit sa taille, devra \u00eatre en capacit\u00e9 de recevoir des factures \u00e9lectroniques selon les normes impos\u00e9es.<\/p>\n<p style=\"font-size:17px;line-height:1.65;margin:0 0 1.2em 0;\">Cette asym\u00e9trie entre \u00e9mission et r\u00e9ception cr\u00e9e une urgence imm\u00e9diate. Un ERP qui ne serait pas pr\u00eat \u00e0 traiter ces flux entrants paralyserait la cha\u00eene de paiement et la comptabilit\u00e9 de l&rsquo;entreprise. Il ne s&rsquo;agit plus de recevoir un simple PDF par e-mail, mais d&rsquo;int\u00e9grer des donn\u00e9es structur\u00e9es issues de plateformes tierces.<\/p>\n<h2 style=\"font-size:22px;font-weight:700;line-height:1.3;margin:1.8em 0 0.6em 0;\">De la gestion documentaire \u00e0 l&rsquo;extraction de donn\u00e9es structur\u00e9es<\/h2>\n<p style=\"font-size:17px;line-height:1.65;margin:0 0 1.2em 0;\">La v\u00e9ritable rupture technologique r\u00e9side dans le format des \u00e9changes. L&rsquo;era du papier ou du simple PDF s&rsquo;efface au profit de factures structur\u00e9es. Votre ERP doit d\u00e9sormais \u00eatre capable de dialoguer nativement avec des formats norm\u00e9s et structur\u00e9s. L&rsquo;objectif est l&rsquo;automatisation totale : l&rsquo;int\u00e9gration des flux de facturation dans les processus comptables existants sans saisie manuelle.<\/p>\n<p><img decoding=\"async\" src=\"https:\/\/erpnext-experts.com\/wp-content\/uploads\/2026\/08\/02-illustration-2.svg\" alt=\"Illustration\" style=\"display:block;width:100%;max-width:600px;height:auto;margin:1.6em auto;border-radius:6px;\"\/><\/p>\n<p style=\"font-size:17px;line-height:1.65;margin:0 0 1.2em 0;\">Pour les organisations utilisant des syst\u00e8mes d&rsquo;information financiers complexes, \u00e0 l&rsquo;image d&rsquo;Oracle Fusion Cloud, la mise en conformit\u00e9 technique est un chantier strat\u00e9gique. Ces SI doivent non seulement interpr\u00e9ter ces nouveaux formats, mais aussi assurer une connectivit\u00e9 fluide et s\u00e9curis\u00e9e avec les \u00e9cosyst\u00e8mes externes.<\/p>\n<h2 style=\"font-size:22px;font-weight:700;line-height:1.3;margin:1.8em 0 0.6em 0;\">Le r\u00f4le central de la Plateforme Agr\u00e9\u00e9e (PA)<\/h2>\n<p style=\"font-size:17px;line-height:1.65;margin:0 0 1.2em 0;\">L&rsquo;une des d\u00e9cisions majeures pour le bin\u00f4me DAF-DSI est la s\u00e9lection de sa Plateforme Agr\u00e9\u00e9e (PA). La r\u00e9forme a en effet \u00e9volu\u00e9 : il n&rsquo;existe plus d&rsquo;arbitrage entre plusieurs canaux de transmission. Toutes les entreprises sont d\u00e9sormais dans l&rsquo;obligation de passer par une PA pour l&rsquo;envoi et la r\u00e9ception de leurs factures. Le Portail Public de Facturation (PPF) ne sert plus d&rsquo;option de transmission directe pour les entreprises, mais assure des fonctions annexes essentielles, notamment la gestion de l&rsquo;annuaire centralis\u00e9.<\/p>\n<p style=\"font-size:17px;line-height:1.65;margin:0 0 1.2em 0;\">L&rsquo;adoption d&rsquo;une PA est donc un passage oblig\u00e9 pour toutes les structures. Ces plateformes agissent comme des traducteurs et des coursiers certifi\u00e9s entre l&rsquo;ERP et l&rsquo;administration fiscale, g\u00e9rant les flux de donn\u00e9es complexes et les volumes importants. L&rsquo;anticipation de la s\u00e9lection de son partenaire est strat\u00e9gique : attendre la date butoir, c&rsquo;est prendre le risque d&rsquo;un goulot d&rsquo;\u00e9tranglement technique au moment o\u00f9 toutes les entreprises devront imp\u00e9rativement \u00eatre raccord\u00e9es \u00e0 une solution certifi\u00e9e.<\/p>\n<h2 style=\"font-size:22px;font-weight:700;line-height:1.3;margin:1.8em 0 0.6em 0;\">Un projet de transformation au-del\u00e0 de la conformit\u00e9<\/h2>\n<p style=\"font-size:17px;line-height:1.65;margin:0 0 1.2em 0;\">Adapter son ERP \u00e0 la facturation \u00e9lectronique ne doit pas \u00eatre per\u00e7u comme une contrainte subie, mais comme un levier de modernisation. L&rsquo;automatisation induite par les flux structur\u00e9s promet une r\u00e9duction drastique des erreurs de saisie et des d\u00e9lais de traitement.<\/p>\n<p style=\"font-size:17px;line-height:1.65;margin:0 0 1.2em 0;\">En conclusion, la r\u00e9ussite de ce passage \u00e0 2026 repose sur une collaboration \u00e9troite entre la finance et l&rsquo;informatique. La question n&rsquo;est plus de savoir si l&rsquo;ERP doit \u00e9voluer, mais si l&rsquo;architecture actuelle est capable de supporter cette mutation sans rupture de service. L&rsquo;ann\u00e9e 2026 engagerera le d\u00e9clin d\u00e9finitif de la facture papier, mais elle marquera surtout le d\u00e9but de l&rsquo;entreprise r\u00e9ellement pilot\u00e9e par la donn\u00e9e en temps r\u00e9el. Anticiper aujourd&rsquo;hui, c&rsquo;est garantir la fluidit\u00e9 de vos transactions demain.<\/p>\n<p><img decoding=\"async\" src=\"https:\/\/erpnext-experts.com\/wp-content\/uploads\/2026\/08\/03-social-3.jpg\" alt=\"Visuel complementaire\" style=\"display:block;width:100%;max-width:280px;height:auto;margin:1.6em auto;border-radius:6px;\"\/><\/p>\n<h2 style=\"font-size:22px;font-weight:700;line-height:1.3;margin:1.8em 0 0.6em 0;\">Sources<\/h2>\n<ul style=\"padding-left:1.4em;margin:0 0 1.2em 0;\">\n<li style=\"font-size:15px;line-height:1.6;margin:0 0 0.4em 0;\"><a href=\"https:\/\/www.impots.gouv.fr\/sites\/default\/files\/media\/1_metier\/2_professionnel\/EV\/2_gestion\/290_facturation_electronique\/guide_pratique_facturation_electronique.pdf\" target=\"_blank\" rel=\"noopener\">Facturation \u00e9lectronique : guide pratique de d\u00e9marrage au &#8230;<\/a> &#8211; https:\/\/www.impots.gouv.fr\/sites\/default\/files\/media\/1_metier\/2_professionnel\/EV\/2_gestion\/290_facturation_electronique\/guide_pratique_facturation_electronique.pdf<\/li>\n<li style=\"font-size:15px;line-height:1.6;margin:0 0 0.4em 0;\"><a href=\"https:\/\/entreprendre.service-public.gouv.fr\/actualites\/A15683\" target=\"_blank\" rel=\"noopener\">num\u00e9rique -Facturation \u00e9lectronique : c&rsquo;est pour bient\u00f4t<\/a> &#8211; https:\/\/entreprendre.service-public.gouv.fr\/actualites\/A15683<\/li>\n<li style=\"font-size:15px;line-height:1.6;margin:0 0 0.4em 0;\"><a href=\"https:\/\/www.cegid.com\/fr\/blog\/erp-facturation-electronique\/\" target=\"_blank\" rel=\"noopener\">ERP et facturation \u00e9lectronique : votre syst\u00e8me est-il pr\u00eat ?<\/a> &#8211; https:\/\/www.cegid.com\/fr\/blog\/erp-facturation-electronique\/<\/li>\n<li style=\"font-size:15px;line-height:1.6;margin:0 0 0.4em 0;\"><a href=\"https:\/\/www.sage.com\/fr-fr\/dematerialisation\/facture-electronique\/\" target=\"_blank\" rel=\"noopener\">La facture \u00e9lectronique obligatoire en 2026 | Sage France<\/a> &#8211; https:\/\/www.sage.com\/fr-fr\/dematerialisation\/facture-electronique\/<\/li>\n<li style=\"font-size:15px;line-height:1.6;margin:0 0 0.4em 0;\"><a href=\"https:\/\/www.sqorus.com\/e-facturation-2026-si-finance-pret-reforme\/\" target=\"_blank\" rel=\"noopener\">E-facturation 2026 : votre ERP est-il pr\u00eat pour la r\u00e9forme ?<\/a> &#8211; https:\/\/www.sqorus.com\/e-facturation-2026-si-finance-pret-reforme\/<\/li>\n<\/ul>\n","protected":false},"excerpt":{"rendered":"<p>L\u2019\u00e9ch\u00e9ance n\u2019est plus une rumeur de couloir mais un cap ferme. Fix\u00e9 \u00e0 septembre 2026, le d\u00e9marrage de la r\u00e9forme de la facturation \u00e9lectronique en France impose une transformation radicale&hellip;<\/p>\n","protected":false},"author":1,"featured_media":963,"comment_status":"open","ping_status":"open","sticky":false,"template":"","format":"standard","meta":{"inline_featured_image":false,"footnotes":""},"categories":[1],"tags":[],"class_list":["post-966","post","type-post","status-publish","format-standard","has-post-thumbnail","hentry","category-non-classe"],"magazineBlocksPostFeaturedMedia":{"thumbnail":"https:\/\/erpnext-experts.com\/wp-content\/uploads\/2026\/08\/01-hero-3-150x150.jpg","medium":"https:\/\/erpnext-experts.com\/wp-content\/uploads\/2026\/08\/01-hero-3-300x200.jpg","medium_large":"https:\/\/erpnext-experts.com\/wp-content\/uploads\/2026\/08\/01-hero-3-768x512.jpg","large":"https:\/\/erpnext-experts.com\/wp-content\/uploads\/2026\/08\/01-hero-3-1024x682.jpg","1536x1536":"https:\/\/erpnext-experts.com\/wp-content\/uploads\/2026\/08\/01-hero-3-1536x1024.jpg","2048x2048":"https:\/\/erpnext-experts.com\/wp-content\/uploads\/2026\/08\/01-hero-3.jpg"},"magazineBlocksPostAuthor":{"name":"admin7358","avatar":"https:\/\/secure.gravatar.com\/avatar\/6fb151e035830fc9713556531bf038b85405429e3e82b25cd2c4a33361f4c29a?s=96&d=mm&r=g"},"magazineBlocksPostCommentsNumber":"0","magazineBlocksPostExcerpt":"L\u2019\u00e9ch\u00e9ance n\u2019est plus une rumeur de couloir mais un cap ferme. Fix\u00e9 \u00e0 septembre 2026, le d\u00e9marrage de la r\u00e9forme de la facturation \u00e9lectronique en France impose une transformation radicale&hellip;","magazineBlocksPostCategories":["Non class\u00e9"],"magazineBlocksPostViewCount":9,"magazineBlocksPostReadTime":4,"magazine_blocks_featured_image_url":{"full":["https:\/\/erpnext-experts.com\/wp-content\/uploads\/2026\/08\/01-hero-3.jpg",1880,1253,false],"medium":["https:\/\/erpnext-experts.com\/wp-content\/uploads\/2026\/08\/01-hero-3-300x200.jpg",300,200,true],"thumbnail":["https:\/\/erpnext-experts.com\/wp-content\/uploads\/2026\/08\/01-hero-3-150x150.jpg",150,150,true]},"magazine_blocks_author":{"display_name":"admin7358","author_link":"https:\/\/erpnext-experts.com\/index.php\/author\/admin7358\/"},"magazine_blocks_comment":0,"magazine_blocks_author_image":"https:\/\/secure.gravatar.com\/avatar\/6fb151e035830fc9713556531bf038b85405429e3e82b25cd2c4a33361f4c29a?s=96&d=mm&r=g","magazine_blocks_category":"<a href=\"#\" class=\"category-link category-link-1\">Non class\u00e9<\/a>","yoast_head":"<!-- This site is optimized with the Yoast SEO plugin v26.5 - https:\/\/yoast.com\/wordpress\/plugins\/seo\/ -->\n<title>Facturation \u00e9lectronique 2026 : un d\u00e9fi de transformation radical pour les DAF et DSI - NextGenERP<\/title>\n<meta name=\"robots\" content=\"index, follow, max-snippet:-1, max-image-preview:large, max-video-preview:-1\" \/>\n<link rel=\"canonical\" href=\"https:\/\/erpnext-experts.com\/index.php\/2026\/08\/31\/reforme-de-la-facturation-electronique-2026-un-cap-strategique-pour-les-daf-et-dsi\/\" \/>\n<meta property=\"og:locale\" content=\"fr_FR\" \/>\n<meta property=\"og:type\" content=\"article\" \/>\n<meta property=\"og:title\" content=\"Facturation \u00e9lectronique 2026 : un d\u00e9fi de transformation radical pour les DAF et DSI - NextGenERP\" \/>\n<meta property=\"og:description\" content=\"L\u2019\u00e9ch\u00e9ance n\u2019est plus une rumeur de couloir mais un cap ferme. Fix\u00e9 \u00e0 septembre 2026, le d\u00e9marrage de la r\u00e9forme de la facturation \u00e9lectronique en France impose une transformation radicale&hellip;\" \/>\n<meta property=\"og:url\" content=\"https:\/\/erpnext-experts.com\/index.php\/2026\/08\/31\/reforme-de-la-facturation-electronique-2026-un-cap-strategique-pour-les-daf-et-dsi\/\" \/>\n<meta property=\"og:site_name\" content=\"NextGenERP\" \/>\n<meta property=\"article:published_time\" content=\"2026-08-31T21:27:01+00:00\" \/>\n<meta property=\"article:modified_time\" content=\"2026-09-01T05:10:25+00:00\" \/>\n<meta property=\"og:image\" content=\"https:\/\/erpnext-experts.com\/wp-content\/uploads\/2026\/08\/01-hero-3.jpg\" \/>\n\t<meta property=\"og:image:width\" content=\"1880\" \/>\n\t<meta property=\"og:image:height\" content=\"1253\" \/>\n\t<meta property=\"og:image:type\" content=\"image\/jpeg\" \/>\n<meta name=\"author\" content=\"admin7358\" \/>\n<meta name=\"twitter:card\" content=\"summary_large_image\" \/>\n<meta name=\"twitter:label1\" content=\"\u00c9crit par\" \/>\n\t<meta name=\"twitter:data1\" content=\"admin7358\" \/>\n\t<meta name=\"twitter:label2\" content=\"Dur\u00e9e de lecture estim\u00e9e\" \/>\n\t<meta name=\"twitter:data2\" content=\"4 minutes\" \/>\n<script type=\"application\/ld+json\" class=\"yoast-schema-graph\">{\"@context\":\"https:\/\/schema.org\",\"@graph\":[{\"@type\":\"Article\",\"@id\":\"https:\/\/erpnext-experts.com\/index.php\/2026\/08\/31\/reforme-de-la-facturation-electronique-2026-un-cap-strategique-pour-les-daf-et-dsi\/#article\",\"isPartOf\":{\"@id\":\"https:\/\/erpnext-experts.com\/index.php\/2026\/08\/31\/reforme-de-la-facturation-electronique-2026-un-cap-strategique-pour-les-daf-et-dsi\/\"},\"author\":{\"name\":\"admin7358\",\"@id\":\"https:\/\/erpnext-experts.com\/#\/schema\/person\/b3f75713ee1e1f7504d9c1a86ce2b031\"},\"headline\":\"Facturation \u00e9lectronique 2026 : un d\u00e9fi de transformation radical pour les DAF et DSI\",\"datePublished\":\"2026-08-31T21:27:01+00:00\",\"dateModified\":\"2026-09-01T05:10:25+00:00\",\"mainEntityOfPage\":{\"@id\":\"https:\/\/erpnext-experts.com\/index.php\/2026\/08\/31\/reforme-de-la-facturation-electronique-2026-un-cap-strategique-pour-les-daf-et-dsi\/\"},\"wordCount\":750,\"commentCount\":0,\"publisher\":{\"@id\":\"https:\/\/erpnext-experts.com\/#organization\"},\"image\":{\"@id\":\"https:\/\/erpnext-experts.com\/index.php\/2026\/08\/31\/reforme-de-la-facturation-electronique-2026-un-cap-strategique-pour-les-daf-et-dsi\/#primaryimage\"},\"thumbnailUrl\":\"https:\/\/erpnext-experts.com\/wp-content\/uploads\/2026\/08\/01-hero-3.jpg\",\"inLanguage\":\"fr-FR\",\"potentialAction\":[{\"@type\":\"CommentAction\",\"name\":\"Comment\",\"target\":[\"https:\/\/erpnext-experts.com\/index.php\/2026\/08\/31\/reforme-de-la-facturation-electronique-2026-un-cap-strategique-pour-les-daf-et-dsi\/#respond\"]}]},{\"@type\":\"WebPage\",\"@id\":\"https:\/\/erpnext-experts.com\/index.php\/2026\/08\/31\/reforme-de-la-facturation-electronique-2026-un-cap-strategique-pour-les-daf-et-dsi\/\",\"url\":\"https:\/\/erpnext-experts.com\/index.php\/2026\/08\/31\/reforme-de-la-facturation-electronique-2026-un-cap-strategique-pour-les-daf-et-dsi\/\",\"name\":\"Facturation \u00e9lectronique 2026 : un d\u00e9fi de transformation radical pour les DAF et DSI - NextGenERP\",\"isPartOf\":{\"@id\":\"https:\/\/erpnext-experts.com\/#website\"},\"primaryImageOfPage\":{\"@id\":\"https:\/\/erpnext-experts.com\/index.php\/2026\/08\/31\/reforme-de-la-facturation-electronique-2026-un-cap-strategique-pour-les-daf-et-dsi\/#primaryimage\"},\"image\":{\"@id\":\"https:\/\/erpnext-experts.com\/index.php\/2026\/08\/31\/reforme-de-la-facturation-electronique-2026-un-cap-strategique-pour-les-daf-et-dsi\/#primaryimage\"},\"thumbnailUrl\":\"https:\/\/erpnext-experts.com\/wp-content\/uploads\/2026\/08\/01-hero-3.jpg\",\"datePublished\":\"2026-08-31T21:27:01+00:00\",\"dateModified\":\"2026-09-01T05:10:25+00:00\",\"breadcrumb\":{\"@id\":\"https:\/\/erpnext-experts.com\/index.php\/2026\/08\/31\/reforme-de-la-facturation-electronique-2026-un-cap-strategique-pour-les-daf-et-dsi\/#breadcrumb\"},\"inLanguage\":\"fr-FR\",\"potentialAction\":[{\"@type\":\"ReadAction\",\"target\":[\"https:\/\/erpnext-experts.com\/index.php\/2026\/08\/31\/reforme-de-la-facturation-electronique-2026-un-cap-strategique-pour-les-daf-et-dsi\/\"]}]},{\"@type\":\"ImageObject\",\"inLanguage\":\"fr-FR\",\"@id\":\"https:\/\/erpnext-experts.com\/index.php\/2026\/08\/31\/reforme-de-la-facturation-electronique-2026-un-cap-strategique-pour-les-daf-et-dsi\/#primaryimage\",\"url\":\"https:\/\/erpnext-experts.com\/wp-content\/uploads\/2026\/08\/01-hero-3.jpg\",\"contentUrl\":\"https:\/\/erpnext-experts.com\/wp-content\/uploads\/2026\/08\/01-hero-3.jpg\",\"width\":1880,\"height\":1253},{\"@type\":\"BreadcrumbList\",\"@id\":\"https:\/\/erpnext-experts.com\/index.php\/2026\/08\/31\/reforme-de-la-facturation-electronique-2026-un-cap-strategique-pour-les-daf-et-dsi\/#breadcrumb\",\"itemListElement\":[{\"@type\":\"ListItem\",\"position\":1,\"name\":\"Accueil\",\"item\":\"https:\/\/erpnext-experts.com\/\"},{\"@type\":\"ListItem\",\"position\":2,\"name\":\"Facturation \u00e9lectronique 2026 : un d\u00e9fi de transformation radical pour les DAF et DSI\"}]},{\"@type\":\"WebSite\",\"@id\":\"https:\/\/erpnext-experts.com\/#website\",\"url\":\"https:\/\/erpnext-experts.com\/\",\"name\":\"NextGenERP\",\"description\":\"Acc\u00e9l\u00e9rer votre business\",\"publisher\":{\"@id\":\"https:\/\/erpnext-experts.com\/#organization\"},\"potentialAction\":[{\"@type\":\"SearchAction\",\"target\":{\"@type\":\"EntryPoint\",\"urlTemplate\":\"https:\/\/erpnext-experts.com\/?s={search_term_string}\"},\"query-input\":{\"@type\":\"PropertyValueSpecification\",\"valueRequired\":true,\"valueName\":\"search_term_string\"}}],\"inLanguage\":\"fr-FR\"},{\"@type\":\"Organization\",\"@id\":\"https:\/\/erpnext-experts.com\/#organization\",\"name\":\"NextGenERP\",\"url\":\"https:\/\/erpnext-experts.com\/\",\"logo\":{\"@type\":\"ImageObject\",\"inLanguage\":\"fr-FR\",\"@id\":\"https:\/\/erpnext-experts.com\/#\/schema\/logo\/image\/\",\"url\":\"https:\/\/erpnext-experts.com\/wp-content\/uploads\/2025\/01\/cropped-ERP_LOGO.jpg\",\"contentUrl\":\"https:\/\/erpnext-experts.com\/wp-content\/uploads\/2025\/01\/cropped-ERP_LOGO.jpg\",\"width\":405,\"height\":344,\"caption\":\"NextGenERP\"},\"image\":{\"@id\":\"https:\/\/erpnext-experts.com\/#\/schema\/logo\/image\/\"}},{\"@type\":\"Person\",\"@id\":\"https:\/\/erpnext-experts.com\/#\/schema\/person\/b3f75713ee1e1f7504d9c1a86ce2b031\",\"name\":\"admin7358\",\"image\":{\"@type\":\"ImageObject\",\"inLanguage\":\"fr-FR\",\"@id\":\"https:\/\/erpnext-experts.com\/#\/schema\/person\/image\/\",\"url\":\"https:\/\/secure.gravatar.com\/avatar\/6fb151e035830fc9713556531bf038b85405429e3e82b25cd2c4a33361f4c29a?s=96&d=mm&r=g\",\"contentUrl\":\"https:\/\/secure.gravatar.com\/avatar\/6fb151e035830fc9713556531bf038b85405429e3e82b25cd2c4a33361f4c29a?s=96&d=mm&r=g\",\"caption\":\"admin7358\"},\"sameAs\":[\"http:\/\/erpnext-experts.com\"],\"url\":\"https:\/\/erpnext-experts.com\/index.php\/author\/admin7358\/\"}]}<\/script>\n<!-- \/ Yoast SEO plugin. -->","yoast_head_json":{"title":"Facturation \u00e9lectronique 2026 : un d\u00e9fi de transformation radical pour les DAF et DSI - NextGenERP","robots":{"index":"index","follow":"follow","max-snippet":"max-snippet:-1","max-image-preview":"max-image-preview:large","max-video-preview":"max-video-preview:-1"},"canonical":"https:\/\/erpnext-experts.com\/index.php\/2026\/08\/31\/reforme-de-la-facturation-electronique-2026-un-cap-strategique-pour-les-daf-et-dsi\/","og_locale":"fr_FR","og_type":"article","og_title":"Facturation \u00e9lectronique 2026 : un d\u00e9fi de transformation radical pour les DAF et DSI - NextGenERP","og_description":"L\u2019\u00e9ch\u00e9ance n\u2019est plus une rumeur de couloir mais un cap ferme. Fix\u00e9 \u00e0 septembre 2026, le d\u00e9marrage de la r\u00e9forme de la facturation \u00e9lectronique en France impose une transformation radicale&hellip;","og_url":"https:\/\/erpnext-experts.com\/index.php\/2026\/08\/31\/reforme-de-la-facturation-electronique-2026-un-cap-strategique-pour-les-daf-et-dsi\/","og_site_name":"NextGenERP","article_published_time":"2026-08-31T21:27:01+00:00","article_modified_time":"2026-09-01T05:10:25+00:00","og_image":[{"width":1880,"height":1253,"url":"https:\/\/erpnext-experts.com\/wp-content\/uploads\/2026\/08\/01-hero-3.jpg","type":"image\/jpeg"}],"author":"admin7358","twitter_card":"summary_large_image","twitter_misc":{"\u00c9crit par":"admin7358","Dur\u00e9e de lecture estim\u00e9e":"4 minutes"},"schema":{"@context":"https:\/\/schema.org","@graph":[{"@type":"Article","@id":"https:\/\/erpnext-experts.com\/index.php\/2026\/08\/31\/reforme-de-la-facturation-electronique-2026-un-cap-strategique-pour-les-daf-et-dsi\/#article","isPartOf":{"@id":"https:\/\/erpnext-experts.com\/index.php\/2026\/08\/31\/reforme-de-la-facturation-electronique-2026-un-cap-strategique-pour-les-daf-et-dsi\/"},"author":{"name":"admin7358","@id":"https:\/\/erpnext-experts.com\/#\/schema\/person\/b3f75713ee1e1f7504d9c1a86ce2b031"},"headline":"Facturation \u00e9lectronique 2026 : un d\u00e9fi de transformation radical pour les DAF et DSI","datePublished":"2026-08-31T21:27:01+00:00","dateModified":"2026-09-01T05:10:25+00:00","mainEntityOfPage":{"@id":"https:\/\/erpnext-experts.com\/index.php\/2026\/08\/31\/reforme-de-la-facturation-electronique-2026-un-cap-strategique-pour-les-daf-et-dsi\/"},"wordCount":750,"commentCount":0,"publisher":{"@id":"https:\/\/erpnext-experts.com\/#organization"},"image":{"@id":"https:\/\/erpnext-experts.com\/index.php\/2026\/08\/31\/reforme-de-la-facturation-electronique-2026-un-cap-strategique-pour-les-daf-et-dsi\/#primaryimage"},"thumbnailUrl":"https:\/\/erpnext-experts.com\/wp-content\/uploads\/2026\/08\/01-hero-3.jpg","inLanguage":"fr-FR","potentialAction":[{"@type":"CommentAction","name":"Comment","target":["https:\/\/erpnext-experts.com\/index.php\/2026\/08\/31\/reforme-de-la-facturation-electronique-2026-un-cap-strategique-pour-les-daf-et-dsi\/#respond"]}]},{"@type":"WebPage","@id":"https:\/\/erpnext-experts.com\/index.php\/2026\/08\/31\/reforme-de-la-facturation-electronique-2026-un-cap-strategique-pour-les-daf-et-dsi\/","url":"https:\/\/erpnext-experts.com\/index.php\/2026\/08\/31\/reforme-de-la-facturation-electronique-2026-un-cap-strategique-pour-les-daf-et-dsi\/","name":"Facturation \u00e9lectronique 2026 : un d\u00e9fi de transformation radical pour les DAF et DSI - NextGenERP","isPartOf":{"@id":"https:\/\/erpnext-experts.com\/#website"},"primaryImageOfPage":{"@id":"https:\/\/erpnext-experts.com\/index.php\/2026\/08\/31\/reforme-de-la-facturation-electronique-2026-un-cap-strategique-pour-les-daf-et-dsi\/#primaryimage"},"image":{"@id":"https:\/\/erpnext-experts.com\/index.php\/2026\/08\/31\/reforme-de-la-facturation-electronique-2026-un-cap-strategique-pour-les-daf-et-dsi\/#primaryimage"},"thumbnailUrl":"https:\/\/erpnext-experts.com\/wp-content\/uploads\/2026\/08\/01-hero-3.jpg","datePublished":"2026-08-31T21:27:01+00:00","dateModified":"2026-09-01T05:10:25+00:00","breadcrumb":{"@id":"https:\/\/erpnext-experts.com\/index.php\/2026\/08\/31\/reforme-de-la-facturation-electronique-2026-un-cap-strategique-pour-les-daf-et-dsi\/#breadcrumb"},"inLanguage":"fr-FR","potentialAction":[{"@type":"ReadAction","target":["https:\/\/erpnext-experts.com\/index.php\/2026\/08\/31\/reforme-de-la-facturation-electronique-2026-un-cap-strategique-pour-les-daf-et-dsi\/"]}]},{"@type":"ImageObject","inLanguage":"fr-FR","@id":"https:\/\/erpnext-experts.com\/index.php\/2026\/08\/31\/reforme-de-la-facturation-electronique-2026-un-cap-strategique-pour-les-daf-et-dsi\/#primaryimage","url":"https:\/\/erpnext-experts.com\/wp-content\/uploads\/2026\/08\/01-hero-3.jpg","contentUrl":"https:\/\/erpnext-experts.com\/wp-content\/uploads\/2026\/08\/01-hero-3.jpg","width":1880,"height":1253},{"@type":"BreadcrumbList","@id":"https:\/\/erpnext-experts.com\/index.php\/2026\/08\/31\/reforme-de-la-facturation-electronique-2026-un-cap-strategique-pour-les-daf-et-dsi\/#breadcrumb","itemListElement":[{"@type":"ListItem","position":1,"name":"Accueil","item":"https:\/\/erpnext-experts.com\/"},{"@type":"ListItem","position":2,"name":"Facturation \u00e9lectronique 2026 : un d\u00e9fi de transformation radical pour les DAF et DSI"}]},{"@type":"WebSite","@id":"https:\/\/erpnext-experts.com\/#website","url":"https:\/\/erpnext-experts.com\/","name":"NextGenERP","description":"Acc\u00e9l\u00e9rer votre business","publisher":{"@id":"https:\/\/erpnext-experts.com\/#organization"},"potentialAction":[{"@type":"SearchAction","target":{"@type":"EntryPoint","urlTemplate":"https:\/\/erpnext-experts.com\/?s={search_term_string}"},"query-input":{"@type":"PropertyValueSpecification","valueRequired":true,"valueName":"search_term_string"}}],"inLanguage":"fr-FR"},{"@type":"Organization","@id":"https:\/\/erpnext-experts.com\/#organization","name":"NextGenERP","url":"https:\/\/erpnext-experts.com\/","logo":{"@type":"ImageObject","inLanguage":"fr-FR","@id":"https:\/\/erpnext-experts.com\/#\/schema\/logo\/image\/","url":"https:\/\/erpnext-experts.com\/wp-content\/uploads\/2025\/01\/cropped-ERP_LOGO.jpg","contentUrl":"https:\/\/erpnext-experts.com\/wp-content\/uploads\/2025\/01\/cropped-ERP_LOGO.jpg","width":405,"height":344,"caption":"NextGenERP"},"image":{"@id":"https:\/\/erpnext-experts.com\/#\/schema\/logo\/image\/"}},{"@type":"Person","@id":"https:\/\/erpnext-experts.com\/#\/schema\/person\/b3f75713ee1e1f7504d9c1a86ce2b031","name":"admin7358","image":{"@type":"ImageObject","inLanguage":"fr-FR","@id":"https:\/\/erpnext-experts.com\/#\/schema\/person\/image\/","url":"https:\/\/secure.gravatar.com\/avatar\/6fb151e035830fc9713556531bf038b85405429e3e82b25cd2c4a33361f4c29a?s=96&d=mm&r=g","contentUrl":"https:\/\/secure.gravatar.com\/avatar\/6fb151e035830fc9713556531bf038b85405429e3e82b25cd2c4a33361f4c29a?s=96&d=mm&r=g","caption":"admin7358"},"sameAs":["http:\/\/erpnext-experts.com"],"url":"https:\/\/erpnext-experts.com\/index.php\/author\/admin7358\/"}]}},"_links":{"self":[{"href":"https:\/\/erpnext-experts.com\/index.php\/wp-json\/wp\/v2\/posts\/966","targetHints":{"allow":["GET"]}}],"collection":[{"href":"https:\/\/erpnext-experts.com\/index.php\/wp-json\/wp\/v2\/posts"}],"about":[{"href":"https:\/\/erpnext-experts.com\/index.php\/wp-json\/wp\/v2\/types\/post"}],"author":[{"embeddable":true,"href":"https:\/\/erpnext-experts.com\/index.php\/wp-json\/wp\/v2\/users\/1"}],"replies":[{"embeddable":true,"href":"https:\/\/erpnext-experts.com\/index.php\/wp-json\/wp\/v2\/comments?post=966"}],"version-history":[{"count":2,"href":"https:\/\/erpnext-experts.com\/index.php\/wp-json\/wp\/v2\/posts\/966\/revisions"}],"predecessor-version":[{"id":972,"href":"https:\/\/erpnext-experts.com\/index.php\/wp-json\/wp\/v2\/posts\/966\/revisions\/972"}],"wp:featuredmedia":[{"embeddable":true,"href":"https:\/\/erpnext-experts.com\/index.php\/wp-json\/wp\/v2\/media\/963"}],"wp:attachment":[{"href":"https:\/\/erpnext-experts.com\/index.php\/wp-json\/wp\/v2\/media?parent=966"}],"wp:term":[{"taxonomy":"category","embeddable":true,"href":"https:\/\/erpnext-experts.com\/index.php\/wp-json\/wp\/v2\/categories?post=966"},{"taxonomy":"post_tag","embeddable":true,"href":"https:\/\/erpnext-experts.com\/index.php\/wp-json\/wp\/v2\/tags?post=966"}],"curies":[{"name":"wp","href":"https:\/\/api.w.org\/{rel}","templated":true}]}}